{"@context":"https:\/\/schema.org\/","@type":"CollectionPage","@id":"https:\/\/www.skyrama.cz\/dum-a-byt\/#CollectionPage","headline":"D\u016fm a byt Category","description":"","url":"https:\/\/www.skyrama.cz\/dum-a-byt\/","hasPart":[{"@type":"Article","@id":"https:\/\/www.skyrama.cz\/penize-a-hypoteka\/","headline":"Pen\u00edze a hypot\u00e9ka","url":"https:\/\/www.skyrama.cz\/penize-a-hypoteka\/","datePublished":"2023-08-27","dateModified":"2023-08-27","mainEntityOfPage":"https:\/\/www.skyrama.cz\/penize-a-hypoteka\/","author":{"@type":"Person","@id":"https:\/\/www.skyrama.cz\/author\/devene\/#Person","name":"devene","url":"https:\/\/www.skyrama.cz\/author\/devene\/","identifier":1,"image":{"@type":"ImageObject","@id":"https:\/\/secure.gravatar.com\/avatar\/0dc285cbe86eecc8073f119fcb2e2c7032b51533f5bb47611c7d4a598558b8b7?s=96&d=mm&r=g","url":"https:\/\/secure.gravatar.com\/avatar\/0dc285cbe86eecc8073f119fcb2e2c7032b51533f5bb47611c7d4a598558b8b7?s=96&d=mm&r=g","height":96,"width":96}},"publisher":{"@type":"Organization","name":"skyrama.cz","logo":{"@type":"ImageObject","@id":"\/logo.png","url":"\/logo.png","width":600,"height":60}},"image":{"@type":"ImageObject","@id":"https:\/\/www.skyrama.cz\/wp-content\/uploads\/ballots-1195013_1280_3.jpg","url":"https:\/\/www.skyrama.cz\/wp-content\/uploads\/ballots-1195013_1280_3.jpg","height":0,"width":0},"keywords":null},{"@type":"Article","@id":"https:\/\/www.skyrama.cz\/projekt-domu\/","headline":"Projekt domu","url":"https:\/\/www.skyrama.cz\/projekt-domu\/","datePublished":"2022-12-31","dateModified":"2023-06-09","mainEntityOfPage":"https:\/\/www.skyrama.cz\/projekt-domu\/","author":{"@type":"Person","@id":"https:\/\/www.skyrama.cz\/author\/devene\/#Person","name":"devene","url":"https:\/\/www.skyrama.cz\/author\/devene\/","identifier":1,"image":{"@type":"ImageObject","@id":"https:\/\/secure.gravatar.com\/avatar\/0dc285cbe86eecc8073f119fcb2e2c7032b51533f5bb47611c7d4a598558b8b7?s=96&d=mm&r=g","url":"https:\/\/secure.gravatar.com\/avatar\/0dc285cbe86eecc8073f119fcb2e2c7032b51533f5bb47611c7d4a598558b8b7?s=96&d=mm&r=g","height":96,"width":96}},"publisher":{"@type":"Organization","name":"skyrama.cz","logo":{"@type":"ImageObject","@id":"\/logo.png","url":"\/logo.png","width":600,"height":60}},"image":{"@type":"ImageObject","@id":"https:\/\/www.skyrama.cz\/wp-content\/uploads\/house-3966469_960_720.jpg","url":"https:\/\/www.skyrama.cz\/wp-content\/uploads\/house-3966469_960_720.jpg","height":0,"width":0},"keywords":null},{"@type":"Article","@id":"https:\/\/www.skyrama.cz\/mobilni-domek-lavaro-house-amanda-nr-143\/","headline":"Mobiln\u00ed domek Lavaro House Amanda Nr.143","url":"https:\/\/www.skyrama.cz\/mobilni-domek-lavaro-house-amanda-nr-143\/","datePublished":"2022-05-25","dateModified":"2023-06-09","mainEntityOfPage":"https:\/\/www.skyrama.cz\/mobilni-domek-lavaro-house-amanda-nr-143\/","author":{"@type":"Person","@id":"https:\/\/www.skyrama.cz\/author\/devene\/#Person","name":"devene","url":"https:\/\/www.skyrama.cz\/author\/devene\/","identifier":1,"image":{"@type":"ImageObject","@id":"https:\/\/secure.gravatar.com\/avatar\/0dc285cbe86eecc8073f119fcb2e2c7032b51533f5bb47611c7d4a598558b8b7?s=96&d=mm&r=g","url":"https:\/\/secure.gravatar.com\/avatar\/0dc285cbe86eecc8073f119fcb2e2c7032b51533f5bb47611c7d4a598558b8b7?s=96&d=mm&r=g","height":96,"width":96}},"publisher":{"@type":"Organization","name":"skyrama.cz","logo":{"@type":"ImageObject","@id":"\/logo.png","url":"\/logo.png","width":600,"height":60}},"image":{"@type":"ImageObject","@id":"https:\/\/www.skyrama.cz\/wp-content\/uploads\/2458.jpg","url":"https:\/\/www.skyrama.cz\/wp-content\/uploads\/2458.jpg","height":0,"width":0},"keywords":null},{"@type":"Article","@id":"https:\/\/www.skyrama.cz\/drevostavba-a-mobilni\/","headline":"D\u0159evostavba a mobiln\u00ed?","url":"https:\/\/www.skyrama.cz\/drevostavba-a-mobilni\/","datePublished":"2022-05-14","dateModified":"2023-06-09","mainEntityOfPage":"https:\/\/www.skyrama.cz\/drevostavba-a-mobilni\/","author":{"@type":"Person","@id":"https:\/\/www.skyrama.cz\/author\/devene\/#Person","name":"devene","url":"https:\/\/www.skyrama.cz\/author\/devene\/","identifier":1,"image":{"@type":"ImageObject","@id":"https:\/\/secure.gravatar.com\/avatar\/0dc285cbe86eecc8073f119fcb2e2c7032b51533f5bb47611c7d4a598558b8b7?s=96&d=mm&r=g","url":"https:\/\/secure.gravatar.com\/avatar\/0dc285cbe86eecc8073f119fcb2e2c7032b51533f5bb47611c7d4a598558b8b7?s=96&d=mm&r=g","height":96,"width":96}},"publisher":{"@type":"Organization","name":"skyrama.cz","logo":{"@type":"ImageObject","@id":"\/logo.png","url":"\/logo.png","width":600,"height":60}},"image":{"@type":"ImageObject","@id":"https:\/\/www.skyrama.cz\/wp-content\/uploads\/2353_2.jpg","url":"https:\/\/www.skyrama.cz\/wp-content\/uploads\/2353_2.jpg","height":0,"width":0},"keywords":null},{"@type":"Article","@id":"https:\/\/www.skyrama.cz\/mit-kontakty-na-spolehlive-remeslniky-je-k-nezaplaceni\/","headline":"M\u00edt kontakty na spolehliv\u00e9 \u0159emesln\u00edky je k nezaplacen\u00ed","url":"https:\/\/www.skyrama.cz\/mit-kontakty-na-spolehlive-remeslniky-je-k-nezaplaceni\/","datePublished":"2019-12-20","dateModified":"2023-06-09","mainEntityOfPage":"https:\/\/www.skyrama.cz\/mit-kontakty-na-spolehlive-remeslniky-je-k-nezaplaceni\/","author":{"@type":"Person","@id":"https:\/\/www.skyrama.cz\/author\/devene\/#Person","name":"devene","url":"https:\/\/www.skyrama.cz\/author\/devene\/","identifier":1,"image":{"@type":"ImageObject","@id":"https:\/\/secure.gravatar.com\/avatar\/0dc285cbe86eecc8073f119fcb2e2c7032b51533f5bb47611c7d4a598558b8b7?s=96&d=mm&r=g","url":"https:\/\/secure.gravatar.com\/avatar\/0dc285cbe86eecc8073f119fcb2e2c7032b51533f5bb47611c7d4a598558b8b7?s=96&d=mm&r=g","height":96,"width":96}},"publisher":{"@type":"Organization","name":"skyrama.cz","logo":{"@type":"ImageObject","@id":"\/logo.png","url":"\/logo.png","width":600,"height":60}},"image":{"@type":"ImageObject","@id":"https:\/\/www.skyrama.cz\/wp-content\/uploads\/img_a376938_w4192_t1588678563.png","url":"https:\/\/www.skyrama.cz\/wp-content\/uploads\/img_a376938_w4192_t1588678563.png","height":0,"width":0},"keywords":null},{"@type":"Article","@id":"https:\/\/www.skyrama.cz\/nepodcenujte-vyber-vchodovych-dveri\/","headline":"Nepodce\u0148ujte v\u00fdb\u011br vchodov\u00fdch dve\u0159\u00ed","url":"https:\/\/www.skyrama.cz\/nepodcenujte-vyber-vchodovych-dveri\/","datePublished":"2019-12-13","dateModified":"2023-06-09","mainEntityOfPage":"https:\/\/www.skyrama.cz\/nepodcenujte-vyber-vchodovych-dveri\/","author":{"@type":"Person","@id":"https:\/\/www.skyrama.cz\/author\/devene\/#Person","name":"devene","url":"https:\/\/www.skyrama.cz\/author\/devene\/","identifier":1,"image":{"@type":"ImageObject","@id":"https:\/\/secure.gravatar.com\/avatar\/0dc285cbe86eecc8073f119fcb2e2c7032b51533f5bb47611c7d4a598558b8b7?s=96&d=mm&r=g","url":"https:\/\/secure.gravatar.com\/avatar\/0dc285cbe86eecc8073f119fcb2e2c7032b51533f5bb47611c7d4a598558b8b7?s=96&d=mm&r=g","height":96,"width":96}},"publisher":{"@type":"Organization","name":"skyrama.cz","logo":{"@type":"ImageObject","@id":"\/logo.png","url":"\/logo.png","width":600,"height":60}},"image":{"@type":"ImageObject","@id":"https:\/\/www.skyrama.cz\/wp-content\/uploads\/img_a364345_w4192_t1577101103.jpg","url":"https:\/\/www.skyrama.cz\/wp-content\/uploads\/img_a364345_w4192_t1577101103.jpg","height":0,"width":0},"keywords":null},{"@type":"Article","@id":"https:\/\/www.skyrama.cz\/penize-jsou-nezbytne\/","headline":"Pen\u00edze jsou nezbytn\u00e9","url":"https:\/\/www.skyrama.cz\/penize-jsou-nezbytne\/","datePublished":"2019-12-10","dateModified":"2023-06-09","mainEntityOfPage":"https:\/\/www.skyrama.cz\/penize-jsou-nezbytne\/","author":{"@type":"Person","@id":"https:\/\/www.skyrama.cz\/author\/devene\/#Person","name":"devene","url":"https:\/\/www.skyrama.cz\/author\/devene\/","identifier":1,"image":{"@type":"ImageObject","@id":"https:\/\/secure.gravatar.com\/avatar\/0dc285cbe86eecc8073f119fcb2e2c7032b51533f5bb47611c7d4a598558b8b7?s=96&d=mm&r=g","url":"https:\/\/secure.gravatar.com\/avatar\/0dc285cbe86eecc8073f119fcb2e2c7032b51533f5bb47611c7d4a598558b8b7?s=96&d=mm&r=g","height":96,"width":96}},"publisher":{"@type":"Organization","name":"skyrama.cz","logo":{"@type":"ImageObject","@id":"\/logo.png","url":"\/logo.png","width":600,"height":60}},"image":{"@type":"ImageObject","@id":"https:\/\/www.skyrama.cz\/wp-content\/uploads\/img_a377292_w4192_t1588853808.jpg","url":"https:\/\/www.skyrama.cz\/wp-content\/uploads\/img_a377292_w4192_t1588853808.jpg","height":0,"width":0},"keywords":null}]}