[{"@context":"https:\/\/schema.org\/","@type":"Article","@id":"https:\/\/www.skyrama.cz\/jak-se-vam-bydli-v-panelovem-sidlisti-kde-uklizi-profesionalove\/#Article","mainEntityOfPage":"https:\/\/www.skyrama.cz\/jak-se-vam-bydli-v-panelovem-sidlisti-kde-uklizi-profesionalove\/","headline":"Jak se v\u00e1m bydl\u00ed v panelov\u00e9m s\u00eddli\u0161ti, kde ukl\u00edz\u00ed profesion\u00e1lov\u00e9","name":"Jak se v\u00e1m bydl\u00ed v panelov\u00e9m s\u00eddli\u0161ti, kde ukl\u00edz\u00ed profesion\u00e1lov\u00e9","description":"Bydlen\u00ed v panel\u00e1ku m\u016f\u017ee n\u011bkomu z v\u00e1s p\u0159ipom\u00ednat kotce v kr\u00e1l\u00edk\u00e1rn\u011b a rozhodn\u011b byste v\u00e1\u0161 rodinn\u00fd d\u016fm nem\u011bnili za m\u011bstsk\u00e9 s\u00eddli\u0161t\u011b, ale ono m\u00e1 i [&hellip;]","datePublished":"2025-02-04","dateModified":"2025-02-04","author":{"@type":"Person","@id":"https:\/\/www.skyrama.cz\/author\/devene\/#Person","name":"devene","url":"https:\/\/www.skyrama.cz\/author\/devene\/","identifier":1,"image":{"@type":"ImageObject","@id":"https:\/\/secure.gravatar.com\/avatar\/0dc285cbe86eecc8073f119fcb2e2c7032b51533f5bb47611c7d4a598558b8b7?s=96&d=mm&r=g","url":"https:\/\/secure.gravatar.com\/avatar\/0dc285cbe86eecc8073f119fcb2e2c7032b51533f5bb47611c7d4a598558b8b7?s=96&d=mm&r=g","height":96,"width":96}},"publisher":{"@type":"Organization","name":"skyrama.cz","logo":{"@type":"ImageObject","@id":"\/logo.png","url":"\/logo.png","width":600,"height":60}},"image":{"@type":"ImageObject","@id":"https:\/\/www.skyrama.cz\/wp-content\/uploads\/plastic-4043071_640_3.jpg","url":"https:\/\/www.skyrama.cz\/wp-content\/uploads\/plastic-4043071_640_3.jpg","height":0,"width":0},"url":"https:\/\/www.skyrama.cz\/jak-se-vam-bydli-v-panelovem-sidlisti-kde-uklizi-profesionalove\/","about":["Podnik\u00e1n\u00ed"],"wordCount":400,"articleBody":"        Bydlen\u00ed v panel\u00e1ku m\u016f\u017ee n\u011bkomu z v\u00e1s p\u0159ipom\u00ednat kotce v kr\u00e1l\u00edk\u00e1rn\u011b a rozhodn\u011b byste v\u00e1\u0161 rodinn\u00fd d\u016fm nem\u011bnili za m\u011bstsk\u00e9 s\u00eddli\u0161t\u011b, ale ono m\u00e1 i takov\u00e9 bydlen\u00ed sv\u00e9 v\u00fdhody. Nap\u0159\u00edklad minim\u00e1ln\u00ed starost o \u00fadr\u017ebu domu, a pokud tu dob\u0159e vych\u00e1z\u00edte se sv\u00fdmi sousedy, m\u00e1te tu zaji\u0161t\u011bno dokonal\u00e9 soukrom\u00ed a vcelku pohodov\u00e9 bydlen\u00ed. T\u0159e\u0161ni\u010dkou na dortu je pak \u00faklid spole\u010dn\u00fdch prostor zaji\u0161t\u011bn\u00fd profesion\u00e1ln\u00ed \u00faklidovou firmou. \u00daklid bytov\u00fdch dom\u016f v Praze je pr\u00e1ce jako ka\u017ed\u00e1 jin\u00e1 a pro \u00faklidov\u00e9 firmy je to v\u017edy \u0161ance, jak zajistit svou prosperitu a z\u00e1rove\u0148 nab\u00eddnout lidem v bytov\u00fdch domech d\u016fstojn\u00e9 bydlen\u00ed.Jestli\u017ee se toti\u017e \u00faklid zanedb\u00e1v\u00e1, prov\u00e1d\u00ed se sv\u00e9pomoc\u00ed a ne ka\u017ed\u00fd se jej zhost\u00ed, jak by m\u011bl, bude tu jednak nepo\u0159\u00e1dek, a pak se lid\u00e9 v dom\u011b mohou na sebe zbyte\u010dn\u011b hn\u011bvat kv\u016fli vysloven\u00fdm nesmysl\u016fm. No uznejte sami, m\u00e1te zapot\u0159eb\u00ed, aby na v\u00e1s ka\u017edou chv\u00edli klepala sousedka, \u017ee jste nevyt\u0159eli schodi\u0161t\u011b nebo zapomn\u011bli vydezinfikovat v\u00fdtahovou kabinku? \u00daklidov\u00e1 firma se postar\u00e1 o komplexn\u00ed \u00faklid spole\u010dn\u00fdch prostor podle p\u0159edem domluven\u00e9ho sc\u00e9n\u00e1\u0159e. Za prv\u00e9 se zametaj\u00ed a vyt\u00edraj\u00ed chodby a schodi\u0161t\u011b. Pak se ukl\u00edz\u00ed vstupn\u00ed vestibul a sklepn\u00ed \u010di suter\u00e9nn\u00ed prostory v\u010detn\u011b vchodov\u00fdch \u010di jin\u00fdch dve\u0159\u00ed, po\u0161tovn\u00edch schr\u00e1nek a sv\u00edtidel. \u00daklid tak\u00e9 zahrnuje um\u00fdv\u00e1n\u00ed v\u00fdtahov\u00e9 kabiny a ob\u010dasn\u00e9 myt\u00ed oken, okenn\u00edch r\u00e1m\u016f a parapet\u016f. V\u0161e je ot\u00e1zkou vz\u00e1jemn\u00e9 dohody spolumajitel\u016f objektu a je tak\u00e9 mo\u017en\u00e9 zajistit \u00faklid v jednotliv\u00fdch bytech. Nap\u0159\u00edklad pokud pot\u0159ebujete um\u00fdt okna v byt\u011b ve vy\u0161\u0161\u00edm pat\u0159e a ob\u00e1v\u00e1te se p\u00e1du z oken, \u00faklidov\u00e1 firma se toho m\u016f\u017ee zhostit. Anebo se domluv\u00edte na \u00faklidu bytu p\u0159ed v\u00e1no\u010dn\u00edmi sv\u00e1tky, p\u0159ed Velikonocemi nebo p\u0159ed chystanou rodinnou oslavou, nap\u0159\u00edklad p\u0159ed svatbou. \u00daklidov\u00e9 firmy tak\u00e9 mohou prov\u00e1d\u011bt n\u011bkter\u00e9 specifick\u00e9 \u010dinnosti, jako je \u010di\u0161t\u011bn\u00ed \u010daloun\u011bn\u00ed sedac\u00edch souprav a \u010di\u0161t\u011bn\u00ed koberc\u016f.                                                                                                                                                                                                                                                                                                                                                                                           4.7\/5 - (3 votes)        "},{"@context":"https:\/\/schema.org\/","@type":"BreadcrumbList","itemListElement":[{"@type":"ListItem","position":1,"name":"Jak se v\u00e1m bydl\u00ed v panelov\u00e9m s\u00eddli\u0161ti, kde ukl\u00edz\u00ed profesion\u00e1lov\u00e9","item":"https:\/\/www.skyrama.cz\/jak-se-vam-bydli-v-panelovem-sidlisti-kde-uklizi-profesionalove\/#breadcrumbitem"}]}]