{"@context":"https:\/\/schema.org\/","@type":"CollectionPage","@id":"https:\/\/www.skyrama.cz\/krasa\/#CollectionPage","headline":"Kr\u00e1sa Category","description":"","url":"https:\/\/www.skyrama.cz\/krasa\/","hasPart":[{"@type":"Article","@id":"https:\/\/www.skyrama.cz\/problem-jmenem-akne\/","headline":"Probl\u00e9m jm\u00e9nem akn\u00e9","url":"https:\/\/www.skyrama.cz\/problem-jmenem-akne\/","datePublished":"2023-08-28","dateModified":"2024-03-28","mainEntityOfPage":"https:\/\/www.skyrama.cz\/problem-jmenem-akne\/","author":{"@type":"Person","@id":"https:\/\/www.skyrama.cz\/author\/devene\/#Person","name":"devene","url":"https:\/\/www.skyrama.cz\/author\/devene\/","identifier":1,"image":{"@type":"ImageObject","@id":"https:\/\/secure.gravatar.com\/avatar\/0dc285cbe86eecc8073f119fcb2e2c7032b51533f5bb47611c7d4a598558b8b7?s=96&d=mm&r=g","url":"https:\/\/secure.gravatar.com\/avatar\/0dc285cbe86eecc8073f119fcb2e2c7032b51533f5bb47611c7d4a598558b8b7?s=96&d=mm&r=g","height":96,"width":96}},"publisher":{"@type":"Organization","name":"skyrama.cz","logo":{"@type":"ImageObject","@id":"\/logo.png","url":"\/logo.png","width":600,"height":60}},"image":{"@type":"ImageObject","@id":"https:\/\/www.skyrama.cz\/wp-content\/uploads\/acne-6822174_640.jpg","url":"https:\/\/www.skyrama.cz\/wp-content\/uploads\/acne-6822174_640.jpg","height":0,"width":0},"keywords":null},{"@type":"Article","@id":"https:\/\/www.skyrama.cz\/trend-plastickych-operaci\/","headline":"Trend plastick\u00fdch operac\u00ed","url":"https:\/\/www.skyrama.cz\/trend-plastickych-operaci\/","datePublished":"2020-09-19","dateModified":"2023-06-09","mainEntityOfPage":"https:\/\/www.skyrama.cz\/trend-plastickych-operaci\/","author":{"@type":"Person","@id":"https:\/\/www.skyrama.cz\/author\/devene\/#Person","name":"devene","url":"https:\/\/www.skyrama.cz\/author\/devene\/","identifier":1,"image":{"@type":"ImageObject","@id":"https:\/\/secure.gravatar.com\/avatar\/0dc285cbe86eecc8073f119fcb2e2c7032b51533f5bb47611c7d4a598558b8b7?s=96&d=mm&r=g","url":"https:\/\/secure.gravatar.com\/avatar\/0dc285cbe86eecc8073f119fcb2e2c7032b51533f5bb47611c7d4a598558b8b7?s=96&d=mm&r=g","height":96,"width":96}},"publisher":{"@type":"Organization","name":"skyrama.cz","logo":{"@type":"ImageObject","@id":"\/logo.png","url":"\/logo.png","width":600,"height":60}},"image":{"@type":"ImageObject","@id":"https:\/\/www.skyrama.cz\/wp-content\/uploads\/img_a301275_w2008_t1511352869.jpg","url":"https:\/\/www.skyrama.cz\/wp-content\/uploads\/img_a301275_w2008_t1511352869.jpg","height":0,"width":0},"keywords":null},{"@type":"Article","@id":"https:\/\/www.skyrama.cz\/ideal-krasy-a-jeho-vliv-na-cloveka\/","headline":"Ide\u00e1l kr\u00e1sy a jeho vliv na \u010dlov\u011bka","url":"https:\/\/www.skyrama.cz\/ideal-krasy-a-jeho-vliv-na-cloveka\/","datePublished":"2019-12-08","dateModified":"2023-06-09","mainEntityOfPage":"https:\/\/www.skyrama.cz\/ideal-krasy-a-jeho-vliv-na-cloveka\/","author":{"@type":"Person","@id":"https:\/\/www.skyrama.cz\/author\/devene\/#Person","name":"devene","url":"https:\/\/www.skyrama.cz\/author\/devene\/","identifier":1,"image":{"@type":"ImageObject","@id":"https:\/\/secure.gravatar.com\/avatar\/0dc285cbe86eecc8073f119fcb2e2c7032b51533f5bb47611c7d4a598558b8b7?s=96&d=mm&r=g","url":"https:\/\/secure.gravatar.com\/avatar\/0dc285cbe86eecc8073f119fcb2e2c7032b51533f5bb47611c7d4a598558b8b7?s=96&d=mm&r=g","height":96,"width":96}},"publisher":{"@type":"Organization","name":"skyrama.cz","logo":{"@type":"ImageObject","@id":"\/logo.png","url":"\/logo.png","width":600,"height":60}},"image":{"@type":"ImageObject","@id":"https:\/\/www.skyrama.cz\/wp-content\/uploads\/img_a364243_w4192_t1576928627.jpg","url":"https:\/\/www.skyrama.cz\/wp-content\/uploads\/img_a364243_w4192_t1576928627.jpg","height":0,"width":0},"keywords":null}]}