[{"@context":"https:\/\/schema.org\/","@type":"Blog","@id":"https:\/\/www.skyrama.cz#Blog","headline":"Skyrama","description":"\nDomn\u00edv\u00e1te se, \u017ee jste ji\u017e poznali v\u0161echna zaj\u00edmav\u00e1 z\u00e1kout\u00ed internetu? Pokud jste doposud nebyli na na\u0161em webu, tvrd\u00edte to naprosto nepr\u00e1vem.","url":"https:\/\/www.skyrama.cz","hasPart":[{"@type":"Article","@id":"https:\/\/www.skyrama.cz\/jak-se-zlepsovat-v-cizim-jazyce\/","headline":"Jak se zlep\u0161ovat v ciz\u00edm jazyce?","url":"https:\/\/www.skyrama.cz\/jak-se-zlepsovat-v-cizim-jazyce\/","datePublished":"2019-12-12","dateModified":"2023-06-09","mainEntityOfPage":"https:\/\/www.skyrama.cz\/jak-se-zlepsovat-v-cizim-jazyce\/","author":{"@type":"Person","@id":"https:\/\/www.skyrama.cz\/author\/devene\/#Person","name":"devene","url":"https:\/\/www.skyrama.cz\/author\/devene\/","identifier":1,"image":{"@type":"ImageObject","@id":"https:\/\/secure.gravatar.com\/avatar\/0dc285cbe86eecc8073f119fcb2e2c7032b51533f5bb47611c7d4a598558b8b7?s=96&d=mm&r=g","url":"https:\/\/secure.gravatar.com\/avatar\/0dc285cbe86eecc8073f119fcb2e2c7032b51533f5bb47611c7d4a598558b8b7?s=96&d=mm&r=g","height":96,"width":96}},"publisher":{"@type":"Organization","name":"skyrama.cz","logo":{"@type":"ImageObject","@id":"\/logo.png","url":"\/logo.png","width":600,"height":60}},"image":{"@type":"ImageObject","@id":"https:\/\/www.skyrama.cz\/wp-content\/uploads\/img_a364531_w4192_t1577283094.jpg","url":"https:\/\/www.skyrama.cz\/wp-content\/uploads\/img_a364531_w4192_t1577283094.jpg","height":0,"width":0},"wordCount":534,"keywords":null},{"@type":"Article","@id":"https:\/\/www.skyrama.cz\/penize-jsou-nezbytne\/","headline":"Pen\u00edze jsou nezbytn\u00e9","url":"https:\/\/www.skyrama.cz\/penize-jsou-nezbytne\/","datePublished":"2019-12-10","dateModified":"2023-06-09","mainEntityOfPage":"https:\/\/www.skyrama.cz\/penize-jsou-nezbytne\/","author":{"@type":"Person","@id":"https:\/\/www.skyrama.cz\/author\/devene\/#Person","name":"devene","url":"https:\/\/www.skyrama.cz\/author\/devene\/","identifier":1,"image":{"@type":"ImageObject","@id":"https:\/\/secure.gravatar.com\/avatar\/0dc285cbe86eecc8073f119fcb2e2c7032b51533f5bb47611c7d4a598558b8b7?s=96&d=mm&r=g","url":"https:\/\/secure.gravatar.com\/avatar\/0dc285cbe86eecc8073f119fcb2e2c7032b51533f5bb47611c7d4a598558b8b7?s=96&d=mm&r=g","height":96,"width":96}},"publisher":{"@type":"Organization","name":"skyrama.cz","logo":{"@type":"ImageObject","@id":"\/logo.png","url":"\/logo.png","width":600,"height":60}},"image":{"@type":"ImageObject","@id":"https:\/\/www.skyrama.cz\/wp-content\/uploads\/img_a377292_w4192_t1588853808.jpg","url":"https:\/\/www.skyrama.cz\/wp-content\/uploads\/img_a377292_w4192_t1588853808.jpg","height":0,"width":0},"wordCount":568,"keywords":null},{"@type":"Article","@id":"https:\/\/www.skyrama.cz\/podnikame-uz-30-let\/","headline":"Podnik\u00e1me u\u017e 30 let","url":"https:\/\/www.skyrama.cz\/podnikame-uz-30-let\/","datePublished":"2019-12-10","dateModified":"2023-06-09","mainEntityOfPage":"https:\/\/www.skyrama.cz\/podnikame-uz-30-let\/","author":{"@type":"Person","@id":"https:\/\/www.skyrama.cz\/author\/devene\/#Person","name":"devene","url":"https:\/\/www.skyrama.cz\/author\/devene\/","identifier":1,"image":{"@type":"ImageObject","@id":"https:\/\/secure.gravatar.com\/avatar\/0dc285cbe86eecc8073f119fcb2e2c7032b51533f5bb47611c7d4a598558b8b7?s=96&d=mm&r=g","url":"https:\/\/secure.gravatar.com\/avatar\/0dc285cbe86eecc8073f119fcb2e2c7032b51533f5bb47611c7d4a598558b8b7?s=96&d=mm&r=g","height":96,"width":96}},"publisher":{"@type":"Organization","name":"skyrama.cz","logo":{"@type":"ImageObject","@id":"\/logo.png","url":"\/logo.png","width":600,"height":60}},"image":{"@type":"ImageObject","@id":"https:\/\/www.skyrama.cz\/wp-content\/uploads\/img_a364595_w4192_t1577290355.jpg","url":"https:\/\/www.skyrama.cz\/wp-content\/uploads\/img_a364595_w4192_t1577290355.jpg","height":0,"width":0},"wordCount":454,"keywords":null},{"@type":"Article","@id":"https:\/\/www.skyrama.cz\/ideal-krasy-a-jeho-vliv-na-cloveka\/","headline":"Ide\u00e1l kr\u00e1sy a jeho vliv na \u010dlov\u011bka","url":"https:\/\/www.skyrama.cz\/ideal-krasy-a-jeho-vliv-na-cloveka\/","datePublished":"2019-12-08","dateModified":"2023-06-09","mainEntityOfPage":"https:\/\/www.skyrama.cz\/ideal-krasy-a-jeho-vliv-na-cloveka\/","author":{"@type":"Person","@id":"https:\/\/www.skyrama.cz\/author\/devene\/#Person","name":"devene","url":"https:\/\/www.skyrama.cz\/author\/devene\/","identifier":1,"image":{"@type":"ImageObject","@id":"https:\/\/secure.gravatar.com\/avatar\/0dc285cbe86eecc8073f119fcb2e2c7032b51533f5bb47611c7d4a598558b8b7?s=96&d=mm&r=g","url":"https:\/\/secure.gravatar.com\/avatar\/0dc285cbe86eecc8073f119fcb2e2c7032b51533f5bb47611c7d4a598558b8b7?s=96&d=mm&r=g","height":96,"width":96}},"publisher":{"@type":"Organization","name":"skyrama.cz","logo":{"@type":"ImageObject","@id":"\/logo.png","url":"\/logo.png","width":600,"height":60}},"image":{"@type":"ImageObject","@id":"https:\/\/www.skyrama.cz\/wp-content\/uploads\/img_a364243_w4192_t1576928627.jpg","url":"https:\/\/www.skyrama.cz\/wp-content\/uploads\/img_a364243_w4192_t1576928627.jpg","height":0,"width":0},"wordCount":4641,"keywords":null},{"@type":"Article","@id":"https:\/\/www.skyrama.cz\/budte-stastni-kazdy-den\/","headline":"Bu\u010fte \u0161\u0165astn\u00ed ka\u017ed\u00fd den","url":"https:\/\/www.skyrama.cz\/budte-stastni-kazdy-den\/","datePublished":"2019-11-26","dateModified":"2023-06-09","mainEntityOfPage":"https:\/\/www.skyrama.cz\/budte-stastni-kazdy-den\/","author":{"@type":"Person","@id":"https:\/\/www.skyrama.cz\/author\/devene\/#Person","name":"devene","url":"https:\/\/www.skyrama.cz\/author\/devene\/","identifier":1,"image":{"@type":"ImageObject","@id":"https:\/\/secure.gravatar.com\/avatar\/0dc285cbe86eecc8073f119fcb2e2c7032b51533f5bb47611c7d4a598558b8b7?s=96&d=mm&r=g","url":"https:\/\/secure.gravatar.com\/avatar\/0dc285cbe86eecc8073f119fcb2e2c7032b51533f5bb47611c7d4a598558b8b7?s=96&d=mm&r=g","height":96,"width":96}},"publisher":{"@type":"Organization","name":"skyrama.cz","logo":{"@type":"ImageObject","@id":"\/logo.png","url":"\/logo.png","width":600,"height":60}},"image":{"@type":"ImageObject","@id":"https:\/\/www.skyrama.cz\/wp-content\/uploads\/img_a362042_w4192_t1575047132.jpg","url":"https:\/\/www.skyrama.cz\/wp-content\/uploads\/img_a362042_w4192_t1575047132.jpg","height":0,"width":0},"wordCount":613,"keywords":null},{"@type":"Article","@id":"https:\/\/www.skyrama.cz\/pohodlne-sedaci-soupravy\/","headline":"Pohodln\u00e9 sedac\u00ed soupravy","url":"https:\/\/www.skyrama.cz\/pohodlne-sedaci-soupravy\/","datePublished":"2019-11-19","dateModified":"2023-06-09","mainEntityOfPage":"https:\/\/www.skyrama.cz\/pohodlne-sedaci-soupravy\/","author":{"@type":"Person","@id":"https:\/\/www.skyrama.cz\/author\/devene\/#Person","name":"devene","url":"https:\/\/www.skyrama.cz\/author\/devene\/","identifier":1,"image":{"@type":"ImageObject","@id":"https:\/\/secure.gravatar.com\/avatar\/0dc285cbe86eecc8073f119fcb2e2c7032b51533f5bb47611c7d4a598558b8b7?s=96&d=mm&r=g","url":"https:\/\/secure.gravatar.com\/avatar\/0dc285cbe86eecc8073f119fcb2e2c7032b51533f5bb47611c7d4a598558b8b7?s=96&d=mm&r=g","height":96,"width":96}},"publisher":{"@type":"Organization","name":"skyrama.cz","logo":{"@type":"ImageObject","@id":"\/logo.png","url":"\/logo.png","width":600,"height":60}},"image":{"@type":"ImageObject","@id":"https:\/\/www.skyrama.cz\/wp-content\/uploads\/img_a371327_w2225_t1582792201.jpg","url":"https:\/\/www.skyrama.cz\/wp-content\/uploads\/img_a371327_w2225_t1582792201.jpg","height":0,"width":0},"wordCount":487,"keywords":null},{"@type":"Article","@id":"https:\/\/www.skyrama.cz\/vyhody-podnikani\/","headline":"V\u00fdhody podnik\u00e1n\u00ed","url":"https:\/\/www.skyrama.cz\/vyhody-podnikani\/","datePublished":"2019-11-12","dateModified":"2023-06-09","mainEntityOfPage":"https:\/\/www.skyrama.cz\/vyhody-podnikani\/","author":{"@type":"Person","@id":"https:\/\/www.skyrama.cz\/author\/devene\/#Person","name":"devene","url":"https:\/\/www.skyrama.cz\/author\/devene\/","identifier":1,"image":{"@type":"ImageObject","@id":"https:\/\/secure.gravatar.com\/avatar\/0dc285cbe86eecc8073f119fcb2e2c7032b51533f5bb47611c7d4a598558b8b7?s=96&d=mm&r=g","url":"https:\/\/secure.gravatar.com\/avatar\/0dc285cbe86eecc8073f119fcb2e2c7032b51533f5bb47611c7d4a598558b8b7?s=96&d=mm&r=g","height":96,"width":96}},"publisher":{"@type":"Organization","name":"skyrama.cz","logo":{"@type":"ImageObject","@id":"\/logo.png","url":"\/logo.png","width":600,"height":60}},"image":{"@type":"ImageObject","@id":"https:\/\/www.skyrama.cz\/wp-content\/uploads\/img_a362398_w4192_t1575466033.jpg","url":"https:\/\/www.skyrama.cz\/wp-content\/uploads\/img_a362398_w4192_t1575466033.jpg","height":0,"width":0},"wordCount":465,"keywords":null},{"@type":"Article","@id":"https:\/\/www.skyrama.cz\/kouzelnik-nesmi-chybet\/","headline":"Kouzeln\u00edk nesm\u00ed chyb\u011bt","url":"https:\/\/www.skyrama.cz\/kouzelnik-nesmi-chybet\/","datePublished":"2019-11-08","dateModified":"2023-06-09","mainEntityOfPage":"https:\/\/www.skyrama.cz\/kouzelnik-nesmi-chybet\/","author":{"@type":"Person","@id":"https:\/\/www.skyrama.cz\/author\/devene\/#Person","name":"devene","url":"https:\/\/www.skyrama.cz\/author\/devene\/","identifier":1,"image":{"@type":"ImageObject","@id":"https:\/\/secure.gravatar.com\/avatar\/0dc285cbe86eecc8073f119fcb2e2c7032b51533f5bb47611c7d4a598558b8b7?s=96&d=mm&r=g","url":"https:\/\/secure.gravatar.com\/avatar\/0dc285cbe86eecc8073f119fcb2e2c7032b51533f5bb47611c7d4a598558b8b7?s=96&d=mm&r=g","height":96,"width":96}},"publisher":{"@type":"Organization","name":"skyrama.cz","logo":{"@type":"ImageObject","@id":"\/logo.png","url":"\/logo.png","width":600,"height":60}},"image":{"@type":"ImageObject","@id":"https:\/\/www.skyrama.cz\/wp-content\/uploads\/img_a368300_w1757_t1580563167.png","url":"https:\/\/www.skyrama.cz\/wp-content\/uploads\/img_a368300_w1757_t1580563167.png","height":0,"width":0},"wordCount":506,"keywords":null},{"@type":"Article","@id":"https:\/\/www.skyrama.cz\/hypoteka-ktera-prichazi-v-tu-pravou-chvili\/","headline":"Hypot\u00e9ka, kter\u00e1 p\u0159ich\u00e1z\u00ed v tu pravou chv\u00edli","url":"https:\/\/www.skyrama.cz\/hypoteka-ktera-prichazi-v-tu-pravou-chvili\/","datePublished":"2019-09-13","dateModified":"2023-06-09","mainEntityOfPage":"https:\/\/www.skyrama.cz\/hypoteka-ktera-prichazi-v-tu-pravou-chvili\/","author":{"@type":"Person","@id":"https:\/\/www.skyrama.cz\/author\/devene\/#Person","name":"devene","url":"https:\/\/www.skyrama.cz\/author\/devene\/","identifier":1,"image":{"@type":"ImageObject","@id":"https:\/\/secure.gravatar.com\/avatar\/0dc285cbe86eecc8073f119fcb2e2c7032b51533f5bb47611c7d4a598558b8b7?s=96&d=mm&r=g","url":"https:\/\/secure.gravatar.com\/avatar\/0dc285cbe86eecc8073f119fcb2e2c7032b51533f5bb47611c7d4a598558b8b7?s=96&d=mm&r=g","height":96,"width":96}},"publisher":{"@type":"Organization","name":"skyrama.cz","logo":{"@type":"ImageObject","@id":"\/logo.png","url":"\/logo.png","width":600,"height":60}},"image":{"@type":"ImageObject","@id":"https:\/\/www.skyrama.cz\/wp-content\/uploads\/img_a346479_w1734_t1560849943.jpg","url":"https:\/\/www.skyrama.cz\/wp-content\/uploads\/img_a346479_w1734_t1560849943.jpg","height":0,"width":0},"wordCount":513,"keywords":null},{"@type":"Article","@id":"https:\/\/www.skyrama.cz\/kdy-uprednostnit-volbu-inkoustove-tiskarny-znacky-canon\/","headline":"Kdy up\u0159ednostnit volbu inkoustov\u00e9 tisk\u00e1rny zna\u010dky Canon","url":"https:\/\/www.skyrama.cz\/kdy-uprednostnit-volbu-inkoustove-tiskarny-znacky-canon\/","datePublished":"2019-08-16","dateModified":"2023-06-09","mainEntityOfPage":"https:\/\/www.skyrama.cz\/kdy-uprednostnit-volbu-inkoustove-tiskarny-znacky-canon\/","author":{"@type":"Person","@id":"https:\/\/www.skyrama.cz\/author\/devene\/#Person","name":"devene","url":"https:\/\/www.skyrama.cz\/author\/devene\/","identifier":1,"image":{"@type":"ImageObject","@id":"https:\/\/secure.gravatar.com\/avatar\/0dc285cbe86eecc8073f119fcb2e2c7032b51533f5bb47611c7d4a598558b8b7?s=96&d=mm&r=g","url":"https:\/\/secure.gravatar.com\/avatar\/0dc285cbe86eecc8073f119fcb2e2c7032b51533f5bb47611c7d4a598558b8b7?s=96&d=mm&r=g","height":96,"width":96}},"publisher":{"@type":"Organization","name":"skyrama.cz","logo":{"@type":"ImageObject","@id":"\/logo.png","url":"\/logo.png","width":600,"height":60}},"image":{"@type":"ImageObject","@id":"https:\/\/www.skyrama.cz\/wp-content\/uploads\/img_a359079_w1936_t1573215434.jpg","url":"https:\/\/www.skyrama.cz\/wp-content\/uploads\/img_a359079_w1936_t1573215434.jpg","height":0,"width":0},"wordCount":475,"keywords":null}]},{"@context":"https:\/\/schema.org","@type":"WebSite","@id":"https:\/\/www.skyrama.cz\/#website","name":"Skyrama","url":"https:\/\/www.skyrama.cz","potentialAction":{"@type":"SearchAction","target":"https:\/\/www.skyrama.cz\/?s={search_term_string}","query-input":"required name=search_term_string"}}]