[{"@context":"https:\/\/schema.org\/","@type":"Blog","@id":"https:\/\/www.skyrama.cz#Blog","headline":"Skyrama","description":"\nDomn\u00edv\u00e1te se, \u017ee jste ji\u017e poznali v\u0161echna zaj\u00edmav\u00e1 z\u00e1kout\u00ed internetu? Pokud jste doposud nebyli na na\u0161em webu, tvrd\u00edte to naprosto nepr\u00e1vem.","url":"https:\/\/www.skyrama.cz","hasPart":[{"@type":"Article","@id":"https:\/\/www.skyrama.cz\/ledova-kralovna-cemerice-kvete-jiz-od-prosince\/","headline":"Ledov\u00e1 kr\u00e1lovna \u010deme\u0159ice kvete ji\u017e od prosince","url":"https:\/\/www.skyrama.cz\/ledova-kralovna-cemerice-kvete-jiz-od-prosince\/","datePublished":"2023-06-09","dateModified":"2023-06-09","mainEntityOfPage":"https:\/\/www.skyrama.cz\/ledova-kralovna-cemerice-kvete-jiz-od-prosince\/","author":{"@type":"Person","@id":"https:\/\/www.skyrama.cz\/author\/devene\/#Person","name":"devene","url":"https:\/\/www.skyrama.cz\/author\/devene\/","identifier":1,"image":{"@type":"ImageObject","@id":"https:\/\/secure.gravatar.com\/avatar\/0dc285cbe86eecc8073f119fcb2e2c7032b51533f5bb47611c7d4a598558b8b7?s=96&d=mm&r=g","url":"https:\/\/secure.gravatar.com\/avatar\/0dc285cbe86eecc8073f119fcb2e2c7032b51533f5bb47611c7d4a598558b8b7?s=96&d=mm&r=g","height":96,"width":96}},"publisher":{"@type":"Organization","name":"skyrama.cz","logo":{"@type":"ImageObject","@id":"\/logo.png","url":"\/logo.png","width":600,"height":60}},"image":{"@type":"ImageObject","@id":"https:\/\/www.skyrama.cz\/wp-content\/uploads\/img_a339040_w2254_t1552240692.jpg","url":"https:\/\/www.skyrama.cz\/wp-content\/uploads\/img_a339040_w2254_t1552240692.jpg","height":0,"width":0},"wordCount":4501,"keywords":null},{"@type":"Article","@id":"https:\/\/www.skyrama.cz\/na-netu-nakoupite-opravdu-vsechno\/","headline":"Na netu nakoup\u00edte opravdu v\u0161echno","url":"https:\/\/www.skyrama.cz\/na-netu-nakoupite-opravdu-vsechno\/","datePublished":"2023-06-09","dateModified":"2023-06-09","mainEntityOfPage":"https:\/\/www.skyrama.cz\/na-netu-nakoupite-opravdu-vsechno\/","author":{"@type":"Person","@id":"https:\/\/www.skyrama.cz\/author\/devene\/#Person","name":"devene","url":"https:\/\/www.skyrama.cz\/author\/devene\/","identifier":1,"image":{"@type":"ImageObject","@id":"https:\/\/secure.gravatar.com\/avatar\/0dc285cbe86eecc8073f119fcb2e2c7032b51533f5bb47611c7d4a598558b8b7?s=96&d=mm&r=g","url":"https:\/\/secure.gravatar.com\/avatar\/0dc285cbe86eecc8073f119fcb2e2c7032b51533f5bb47611c7d4a598558b8b7?s=96&d=mm&r=g","height":96,"width":96}},"publisher":{"@type":"Organization","name":"skyrama.cz","logo":{"@type":"ImageObject","@id":"\/logo.png","url":"\/logo.png","width":600,"height":60}},"image":{"@type":"ImageObject","@id":"https:\/\/www.skyrama.cz\/wp-content\/uploads\/img_a328410_w2592_t1540715936.png","url":"https:\/\/www.skyrama.cz\/wp-content\/uploads\/img_a328410_w2592_t1540715936.png","height":0,"width":0},"wordCount":463,"keywords":null},{"@type":"Article","@id":"https:\/\/www.skyrama.cz\/maturovat-na-gymnaziu-nebo-vystudovat-stredni-odbornou-skolu-vecne-dilema\/","headline":"Maturovat na gymn\u00e1ziu, nebo vystudovat st\u0159edn\u00ed odbornou \u0161kolu? V\u011b\u010dn\u00e9 dilema.","url":"https:\/\/www.skyrama.cz\/maturovat-na-gymnaziu-nebo-vystudovat-stredni-odbornou-skolu-vecne-dilema\/","datePublished":"2023-06-09","dateModified":"2023-06-09","mainEntityOfPage":"https:\/\/www.skyrama.cz\/maturovat-na-gymnaziu-nebo-vystudovat-stredni-odbornou-skolu-vecne-dilema\/","author":{"@type":"Person","@id":"https:\/\/www.skyrama.cz\/author\/devene\/#Person","name":"devene","url":"https:\/\/www.skyrama.cz\/author\/devene\/","identifier":1,"image":{"@type":"ImageObject","@id":"https:\/\/secure.gravatar.com\/avatar\/0dc285cbe86eecc8073f119fcb2e2c7032b51533f5bb47611c7d4a598558b8b7?s=96&d=mm&r=g","url":"https:\/\/secure.gravatar.com\/avatar\/0dc285cbe86eecc8073f119fcb2e2c7032b51533f5bb47611c7d4a598558b8b7?s=96&d=mm&r=g","height":96,"width":96}},"publisher":{"@type":"Organization","name":"skyrama.cz","logo":{"@type":"ImageObject","@id":"\/logo.png","url":"\/logo.png","width":600,"height":60}},"image":{"@type":"ImageObject","@id":"https:\/\/www.skyrama.cz\/wp-content\/uploads\/img_a313784_w2555_t1524602592.jpg","url":"https:\/\/www.skyrama.cz\/wp-content\/uploads\/img_a313784_w2555_t1524602592.jpg","height":0,"width":0},"wordCount":495,"keywords":null},{"@type":"Article","@id":"https:\/\/www.skyrama.cz\/modni-trendy-roku-2018\/","headline":"M\u00f3dn\u00ed trendy roku 2018","url":"https:\/\/www.skyrama.cz\/modni-trendy-roku-2018\/","datePublished":"2023-06-09","dateModified":"2023-06-09","mainEntityOfPage":"https:\/\/www.skyrama.cz\/modni-trendy-roku-2018\/","author":{"@type":"Person","@id":"https:\/\/www.skyrama.cz\/author\/devene\/#Person","name":"devene","url":"https:\/\/www.skyrama.cz\/author\/devene\/","identifier":1,"image":{"@type":"ImageObject","@id":"https:\/\/secure.gravatar.com\/avatar\/0dc285cbe86eecc8073f119fcb2e2c7032b51533f5bb47611c7d4a598558b8b7?s=96&d=mm&r=g","url":"https:\/\/secure.gravatar.com\/avatar\/0dc285cbe86eecc8073f119fcb2e2c7032b51533f5bb47611c7d4a598558b8b7?s=96&d=mm&r=g","height":96,"width":96}},"publisher":{"@type":"Organization","name":"skyrama.cz","logo":{"@type":"ImageObject","@id":"\/logo.png","url":"\/logo.png","width":600,"height":60}},"image":{"@type":"ImageObject","@id":"https:\/\/www.skyrama.cz\/wp-content\/uploads\/img_a305808_w2095_t1517227096.jpg","url":"https:\/\/www.skyrama.cz\/wp-content\/uploads\/img_a305808_w2095_t1517227096.jpg","height":0,"width":0},"wordCount":470,"keywords":null},{"@type":"Article","@id":"https:\/\/www.skyrama.cz\/vyberte-si-ten-spravny-odev\/","headline":"Vyberte si ten spr\u00e1vn\u00fd od\u011bv","url":"https:\/\/www.skyrama.cz\/vyberte-si-ten-spravny-odev\/","datePublished":"2023-06-09","dateModified":"2023-06-09","mainEntityOfPage":"https:\/\/www.skyrama.cz\/vyberte-si-ten-spravny-odev\/","author":{"@type":"Person","@id":"https:\/\/www.skyrama.cz\/author\/devene\/#Person","name":"devene","url":"https:\/\/www.skyrama.cz\/author\/devene\/","identifier":1,"image":{"@type":"ImageObject","@id":"https:\/\/secure.gravatar.com\/avatar\/0dc285cbe86eecc8073f119fcb2e2c7032b51533f5bb47611c7d4a598558b8b7?s=96&d=mm&r=g","url":"https:\/\/secure.gravatar.com\/avatar\/0dc285cbe86eecc8073f119fcb2e2c7032b51533f5bb47611c7d4a598558b8b7?s=96&d=mm&r=g","height":96,"width":96}},"publisher":{"@type":"Organization","name":"skyrama.cz","logo":{"@type":"ImageObject","@id":"\/logo.png","url":"\/logo.png","width":600,"height":60}},"image":{"@type":"ImageObject","@id":"https:\/\/www.skyrama.cz\/wp-content\/uploads\/img_a305681_w2400_t1517168042.jpg","url":"https:\/\/www.skyrama.cz\/wp-content\/uploads\/img_a305681_w2400_t1517168042.jpg","height":0,"width":0},"wordCount":513,"keywords":null},{"@type":"Article","@id":"https:\/\/www.skyrama.cz\/dorucovaci-sluzby\/","headline":"Doru\u010dovac\u00ed slu\u017eby","url":"https:\/\/www.skyrama.cz\/dorucovaci-sluzby\/","datePublished":"2023-06-09","dateModified":"2023-06-09","mainEntityOfPage":"https:\/\/www.skyrama.cz\/dorucovaci-sluzby\/","author":{"@type":"Person","@id":"https:\/\/www.skyrama.cz\/author\/devene\/#Person","name":"devene","url":"https:\/\/www.skyrama.cz\/author\/devene\/","identifier":1,"image":{"@type":"ImageObject","@id":"https:\/\/secure.gravatar.com\/avatar\/0dc285cbe86eecc8073f119fcb2e2c7032b51533f5bb47611c7d4a598558b8b7?s=96&d=mm&r=g","url":"https:\/\/secure.gravatar.com\/avatar\/0dc285cbe86eecc8073f119fcb2e2c7032b51533f5bb47611c7d4a598558b8b7?s=96&d=mm&r=g","height":96,"width":96}},"publisher":{"@type":"Organization","name":"skyrama.cz","logo":{"@type":"ImageObject","@id":"\/logo.png","url":"\/logo.png","width":600,"height":60}},"image":{"@type":"ImageObject","@id":"https:\/\/www.skyrama.cz\/wp-content\/uploads\/img_a302772_w2148_t1512719881.png","url":"https:\/\/www.skyrama.cz\/wp-content\/uploads\/img_a302772_w2148_t1512719881.png","height":0,"width":0},"wordCount":514,"keywords":null},{"@type":"Article","@id":"https:\/\/www.skyrama.cz\/mughalove-potomci-cingischana\/","headline":"Mughalov\u00e9- potomci \u010cingisch\u00e1na","url":"https:\/\/www.skyrama.cz\/mughalove-potomci-cingischana\/","datePublished":"2023-06-09","dateModified":"2023-06-09","mainEntityOfPage":"https:\/\/www.skyrama.cz\/mughalove-potomci-cingischana\/","author":{"@type":"Person","@id":"https:\/\/www.skyrama.cz\/author\/devene\/#Person","name":"devene","url":"https:\/\/www.skyrama.cz\/author\/devene\/","identifier":1,"image":{"@type":"ImageObject","@id":"https:\/\/secure.gravatar.com\/avatar\/0dc285cbe86eecc8073f119fcb2e2c7032b51533f5bb47611c7d4a598558b8b7?s=96&d=mm&r=g","url":"https:\/\/secure.gravatar.com\/avatar\/0dc285cbe86eecc8073f119fcb2e2c7032b51533f5bb47611c7d4a598558b8b7?s=96&d=mm&r=g","height":96,"width":96}},"publisher":{"@type":"Organization","name":"skyrama.cz","logo":{"@type":"ImageObject","@id":"\/logo.png","url":"\/logo.png","width":600,"height":60}},"image":{"@type":"ImageObject","@id":"https:\/\/www.skyrama.cz\/wp-content\/uploads\/img_a290607_w1909_t1503260206.jpg","url":"https:\/\/www.skyrama.cz\/wp-content\/uploads\/img_a290607_w1909_t1503260206.jpg","height":0,"width":0},"wordCount":460,"keywords":null},{"@type":"Article","@id":"https:\/\/www.skyrama.cz\/barvy-velikonoc-do-vaseho-domova\/","headline":"Barvy Velikonoc do va\u0161eho domova","url":"https:\/\/www.skyrama.cz\/barvy-velikonoc-do-vaseho-domova\/","datePublished":"2023-06-09","dateModified":"2023-06-09","mainEntityOfPage":"https:\/\/www.skyrama.cz\/barvy-velikonoc-do-vaseho-domova\/","author":{"@type":"Person","@id":"https:\/\/www.skyrama.cz\/author\/devene\/#Person","name":"devene","url":"https:\/\/www.skyrama.cz\/author\/devene\/","identifier":1,"image":{"@type":"ImageObject","@id":"https:\/\/secure.gravatar.com\/avatar\/0dc285cbe86eecc8073f119fcb2e2c7032b51533f5bb47611c7d4a598558b8b7?s=96&d=mm&r=g","url":"https:\/\/secure.gravatar.com\/avatar\/0dc285cbe86eecc8073f119fcb2e2c7032b51533f5bb47611c7d4a598558b8b7?s=96&d=mm&r=g","height":96,"width":96}},"publisher":{"@type":"Organization","name":"skyrama.cz","logo":{"@type":"ImageObject","@id":"\/logo.png","url":"\/logo.png","width":600,"height":60}},"image":null,"wordCount":502,"keywords":null},{"@type":"Article","@id":"https:\/\/www.skyrama.cz\/lazenske-mesto-kousek-od-bratislavy-ocista-pro-vase-telo-i-dusi\/","headline":"L\u00e1ze\u0148sk\u00e9 m\u011bsto kousek od Bratislavy, o\u010dista pro va\u0161e t\u011blo i du\u0161i","url":"https:\/\/www.skyrama.cz\/lazenske-mesto-kousek-od-bratislavy-ocista-pro-vase-telo-i-dusi\/","datePublished":"2023-06-09","dateModified":"2023-06-09","mainEntityOfPage":"https:\/\/www.skyrama.cz\/lazenske-mesto-kousek-od-bratislavy-ocista-pro-vase-telo-i-dusi\/","author":{"@type":"Person","@id":"https:\/\/www.skyrama.cz\/author\/devene\/#Person","name":"devene","url":"https:\/\/www.skyrama.cz\/author\/devene\/","identifier":1,"image":{"@type":"ImageObject","@id":"https:\/\/secure.gravatar.com\/avatar\/0dc285cbe86eecc8073f119fcb2e2c7032b51533f5bb47611c7d4a598558b8b7?s=96&d=mm&r=g","url":"https:\/\/secure.gravatar.com\/avatar\/0dc285cbe86eecc8073f119fcb2e2c7032b51533f5bb47611c7d4a598558b8b7?s=96&d=mm&r=g","height":96,"width":96}},"publisher":{"@type":"Organization","name":"skyrama.cz","logo":{"@type":"ImageObject","@id":"\/logo.png","url":"\/logo.png","width":600,"height":60}},"image":null,"wordCount":527,"keywords":null},{"@type":"Article","@id":"https:\/\/www.skyrama.cz\/rosteme-s-raw-stravou\/","headline":"Rosteme s raw stravou","url":"https:\/\/www.skyrama.cz\/rosteme-s-raw-stravou\/","datePublished":"2023-06-09","dateModified":"2023-06-09","mainEntityOfPage":"https:\/\/www.skyrama.cz\/rosteme-s-raw-stravou\/","author":{"@type":"Person","@id":"https:\/\/www.skyrama.cz\/author\/devene\/#Person","name":"devene","url":"https:\/\/www.skyrama.cz\/author\/devene\/","identifier":1,"image":{"@type":"ImageObject","@id":"https:\/\/secure.gravatar.com\/avatar\/0dc285cbe86eecc8073f119fcb2e2c7032b51533f5bb47611c7d4a598558b8b7?s=96&d=mm&r=g","url":"https:\/\/secure.gravatar.com\/avatar\/0dc285cbe86eecc8073f119fcb2e2c7032b51533f5bb47611c7d4a598558b8b7?s=96&d=mm&r=g","height":96,"width":96}},"publisher":{"@type":"Organization","name":"skyrama.cz","logo":{"@type":"ImageObject","@id":"\/logo.png","url":"\/logo.png","width":600,"height":60}},"image":null,"wordCount":416,"keywords":null}]},{"@context":"https:\/\/schema.org","@type":"WebSite","@id":"https:\/\/www.skyrama.cz\/#website","name":"Skyrama","url":"https:\/\/www.skyrama.cz","potentialAction":{"@type":"SearchAction","target":"https:\/\/www.skyrama.cz\/?s={search_term_string}","query-input":"required name=search_term_string"}}]