[{"@context":"https:\/\/schema.org\/","@type":"Article","@id":"https:\/\/www.skyrama.cz\/relaxacni-prozitky\/#Article","mainEntityOfPage":"https:\/\/www.skyrama.cz\/relaxacni-prozitky\/","headline":"Relaxa\u010dn\u00ed pro\u017eitky","name":"Relaxa\u010dn\u00ed pro\u017eitky","description":"Kdy\u017e sly\u0161\u00edm pojem \u201eslu\u017eby\u201c, vyvol\u00e1v\u00e1 to ve mn\u011b vesm\u011bs p\u0159\u00edjemn\u00e9 pocity. P\u0159ipom\u00edn\u00e1 mi to velice uklid\u0148uj\u00edc\u00ed z\u00e1\u017eitky, spojen\u00e9 s\u00a0relaxac\u00ed a.\u00a0\u00a0\u00a0\u00a0 posezen\u00ed v kade\u0159nick\u00e9m k\u0159esle a [&hellip;]","datePublished":"2016-11-11","dateModified":"2023-06-09","author":{"@type":"Person","@id":"https:\/\/www.skyrama.cz\/author\/devene\/#Person","name":"devene","url":"https:\/\/www.skyrama.cz\/author\/devene\/","identifier":1,"image":{"@type":"ImageObject","@id":"https:\/\/secure.gravatar.com\/avatar\/0dc285cbe86eecc8073f119fcb2e2c7032b51533f5bb47611c7d4a598558b8b7?s=96&d=mm&r=g","url":"https:\/\/secure.gravatar.com\/avatar\/0dc285cbe86eecc8073f119fcb2e2c7032b51533f5bb47611c7d4a598558b8b7?s=96&d=mm&r=g","height":96,"width":96}},"publisher":{"@type":"Organization","name":"skyrama.cz","logo":{"@type":"ImageObject","@id":"\/logo.png","url":"\/logo.png","width":600,"height":60}},"image":{"@type":"ImageObject","@id":"https:\/\/www.skyrama.cz\/wp-content\/uploads\/img_a278594_w1789_t1602151012.jpg","url":"https:\/\/www.skyrama.cz\/wp-content\/uploads\/img_a278594_w1789_t1602151012.jpg","height":0,"width":0},"url":"https:\/\/www.skyrama.cz\/relaxacni-prozitky\/","wordCount":416,"articleBody":"\tKdy\u017e sly\u0161\u00edm pojem \u201eslu\u017eby\u201c, vyvol\u00e1v\u00e1 to ve mn\u011b vesm\u011bs p\u0159\u00edjemn\u00e9 pocity. P\u0159ipom\u00edn\u00e1 mi to velice uklid\u0148uj\u00edc\u00ed z\u00e1\u017eitky, spojen\u00e9 s\u00a0relaxac\u00ed\ta.\u00a0\u00a0\u00a0\u00a0 posezen\u00ed v kade\u0159nick\u00e9m k\u0159esle a p\u0159\u00edjemn\u00e9 \u0161t\u011bbet\u00e1n\u00ed o ni\u010dem\tb.\u00a0\u00a0\u00a0\u00a0 pole\u017een\u00ed si na mas\u00e9rsk\u00e9m leh\u00e1tku, z\u00a0kter\u00e9ho vst\u00e1v\u00e1m jako znovuzrozen\u00e1\tc.\u00a0\u00a0\u00a0\u00a0\u00a0 n\u00e1v\u0161t\u011bva obl\u00edben\u00e9 restaurace, ve kter\u00e9 je ten sympatick\u00fd vrchn\u00ed\t\tSlu\u017eby jsou prost\u011b v\u011bt\u0161inou pro p\u0159ij\u00edmac\u00edho p\u0159\u00edjemnou z\u00e1le\u017eitost\u00ed, jinak by pro n\u011b nechodil.Pro poskytuj\u00edc\u00edho je to nejp\u0159\u00edjemn\u011bj\u0161\u00ed asi hlavn\u011b p\u0159i v\u00fdm\u011bn\u011b \u00fa\u010dtenky za sumu na ni napsanou.\tSlu\u017eby maj\u00ed n\u011bkolik specifick\u00fdch vlastnost\u00ed.\to\u00a0\u00a0 Nedaj\u00ed se skladovat. Nen\u00ed mo\u017en\u00e9 si d\u00e1t do z\u00e1soby nalakovat u manik\u00e9rky nehty. I kdy\u017e by to bylo zaj\u00edmav\u00e9.\to\u00a0\u00a0 Nejsou hmotn\u00e9. U\u017e jste si n\u011bkdy odnesli od kade\u0159nice, z pr\u00e1delny nebo opravny obuvi v\u00edce, ne\u017e jste tam p\u0159inesli? Krom p\u0159\u00ed\u010desku nebo nov\u00e9ho podpatku?\to\u00a0\u00a0 Nen\u00ed mo\u017en\u00e9 je vlastnit. Museli byste vlastnit poskytovatele a otrok\u00e1\u0159stv\u00ed u n\u00e1s u\u017e d\u00e1vno neexistuje.\t\tNevd\u011bk sv\u011btem vl\u00e1dneJe jedna v\u00fdjimka (mo\u017en\u00e1 je jich v\u00edce, m\u011b ale napadla jen ta jedna), kdy nen\u00ed slu\u017eba pro p\u0159ij\u00edmac\u00edho zase a\u017e tak p\u0159\u00edjemnou z\u00e1le\u017eitost\u00ed. Do oblasti slu\u017eeb toti\u017e pat\u0159\u00ed i \u0161kolstv\u00ed. Mohu zodpov\u011bdn\u011b \u0159\u00edci, \u017ee ve mn\u011b nav\u0161t\u011bvov\u00e1n\u00ed z\u00e1kladn\u00ed \u0161koly nevyvol\u00e1valo v\u016fbec ty bla\u017een\u00e9 pocity, kter\u00e9 jsem popsala na za\u010d\u00e1tku. A mysl\u00edm, \u017ee v\u011bt\u0161ina m\u00fdch koleg\u016f, p\u0159ij\u00edma\u010d\u016f t\u00e9to slu\u017eby, na tom byla ur\u010dit\u011b stejn\u011b.Mo\u017en\u00e1 to bylo zp\u016fsobeno i t\u00edm, \u017ee je to asi jedin\u00e1 slu\u017eba, kterou mus\u00edte p\u0159ijmout, a\u0165 chcete nebo ne.Z tohoto hlediska je to pravd\u011bpodobn\u011b t\u011b\u017ek\u00e9 i z druh\u00e9 strany.U\u017e jste n\u011bkdy za\u017eili, aby V\u00e1m nap\u0159\u00edklad mas\u00e9r vnutil svou pr\u00e1ci?\u00b7\u00a0\u00a0\u00a0\u00a0\u00a0\u00a0\u00a0 popadl V\u00e1s na ulici\u00b7\u00a0\u00a0\u00a0\u00a0\u00a0\u00a0\u00a0 sundal Va\u0161e oble\u010den\u00ed\u00b7\u00a0\u00a0\u00a0\u00a0\u00a0\u00a0\u00a0 nacpal na leh\u00e1tkoU\u010ditel se v t\u00e9to pozici tak trochu nach\u00e1z\u00ed.Stoj\u00ed p\u0159ed dvac\u00edtkou p\u0159\u00edjemc\u016f, jen\u017e maj\u00ed p\u0159ed sebou ze\u010f, vytvo\u0159enou z po\u010d\u00edta\u010dov\u00fdch her, ply\u0161\u00e1k\u016f, Facebooku a hlavn\u011b nez\u00e1jmu.                                                                                                                                                                                                                                                                                                                                                                                        4.1\/5 - (14 votes)        "},{"@context":"https:\/\/schema.org\/","@type":"BreadcrumbList","itemListElement":[{"@type":"ListItem","position":1,"name":"Relaxa\u010dn\u00ed pro\u017eitky","item":"https:\/\/www.skyrama.cz\/relaxacni-prozitky\/#breadcrumbitem"}]}]